{"id":715,"date":"2020-05-28T12:36:42","date_gmt":"2020-05-28T12:36:42","guid":{"rendered":"http:\/\/panafreak.com\/?p=715"},"modified":"2020-05-28T12:39:38","modified_gmt":"2020-05-28T12:39:38","slug":"roter-milan","status":"publish","type":"post","link":"https:\/\/panafreak.com\/?p=715","title":{"rendered":"Roter Milan"},"content":{"rendered":"\n<p>Heute morgen 8:30 Uhr, sitze mit meinen Tee am Schreibtisch.<\/p>\n\n\n\n<p>Die erste Telko l\u00e4uft und auf einmal sehe ich nur einen Schatten durchs Fenster &#8230; also schnell aus dem Fenster geschaut &#8230; und was sehe ich ? <br><br>Zwei rote Milans, die eine tolle Luftshow zeigen. Wow, waren die schnell.<\/p>\n\n\n\n<figure class=\"wp-block-image size-large\"><img decoding=\"async\" loading=\"lazy\" width=\"2560\" height=\"1346\" src=\"http:\/\/panafreak.com\/wp-content\/uploads\/2020\/05\/milans-scaled.jpg\" alt=\"\" class=\"wp-image-716\" srcset=\"https:\/\/panafreak.com\/wp-content\/uploads\/2020\/05\/milans-scaled.jpg 2560w, https:\/\/panafreak.com\/wp-content\/uploads\/2020\/05\/milans-300x158.jpg 300w, https:\/\/panafreak.com\/wp-content\/uploads\/2020\/05\/milans-1536x807.jpg 1536w, https:\/\/panafreak.com\/wp-content\/uploads\/2020\/05\/milans-2048x1077.jpg 2048w\" sizes=\"(max-width: 2560px) 100vw, 2560px\" \/><figcaption>Beide in Action<\/figcaption><\/figure>\n\n\n\n<p>Einen von den beiden, habe ich tats\u00e4chlich noch etwas besser erwischt.<\/p>\n\n\n\n<p>Zwar nicht perfekt, aber immer hin. <\/p>\n\n\n\n<figure class=\"wp-block-image size-large\"><img decoding=\"async\" loading=\"lazy\" width=\"2560\" height=\"1217\" src=\"http:\/\/panafreak.com\/wp-content\/uploads\/2020\/05\/roter_milan-scaled.jpg\" alt=\"\" class=\"wp-image-714\" srcset=\"https:\/\/panafreak.com\/wp-content\/uploads\/2020\/05\/roter_milan-scaled.jpg 2560w, https:\/\/panafreak.com\/wp-content\/uploads\/2020\/05\/roter_milan-300x143.jpg 300w, https:\/\/panafreak.com\/wp-content\/uploads\/2020\/05\/roter_milan-1536x730.jpg 1536w, https:\/\/panafreak.com\/wp-content\/uploads\/2020\/05\/roter_milan-2048x974.jpg 2048w\" sizes=\"(max-width: 2560px) 100vw, 2560px\" \/><\/figure>\n\n\n\n<p><\/p>\n","protected":false},"excerpt":{"rendered":"<p>Heute morgen 8:30 Uhr, sitze mit meinen Tee am Schreibtisch. Die erste Telko l\u00e4uft und auf einmal sehe ich nur einen Schatten durchs Fenster &#8230; also schnell aus dem Fenster geschaut &#8230; und was sehe ich ? Zwei rote Milans, die eine tolle Luftshow zeigen. Wow, waren die schnell. Einen von den beiden, habe ich&#8230;<\/p>\n","protected":false},"author":1,"featured_media":718,"comment_status":"closed","ping_status":"open","sticky":false,"template":"","format":"standard","meta":{"jetpack_post_was_ever_published":false,"jetpack_publicize_message":"","jetpack_is_tweetstorm":false,"jetpack_publicize_feature_enabled":true,"jetpack_social_post_already_shared":true,"jetpack_social_options":[]},"categories":[1],"tags":[],"jetpack_publicize_connections":[],"jetpack_featured_media_url":"https:\/\/panafreak.com\/wp-content\/uploads\/2020\/05\/beitragmilans.jpg","jetpack_sharing_enabled":true,"jetpack_shortlink":"https:\/\/wp.me\/p8GoO6-bx","jetpack-related-posts":[{"id":421,"url":"https:\/\/panafreak.com\/?p=421","url_meta":{"origin":715,"position":0},"title":"XXL Selfie Stick","date":"21. April 2017","format":false,"excerpt":"Nat\u00fcrlich sind die Bilder nicht alle mit einem XXL Selfie Stick aufgenommen. Es gibt auch welche, da hat einfach ein frecher Vogel mir meine Action Cam entwendet und auf 100m H\u00f6he Bilder gemacht. Da ich mich nicht immer darauf verlassen kann, hilft mir ein kleiner Multicopter DJI Phantom 4.","rel":"","context":"\u00c4hnlicher Beitrag","img":{"alt_text":"","src":"https:\/\/i0.wp.com\/panafreak.com\/wp-content\/uploads\/2017\/04\/lu\u0308ko.jpg?resize=350%2C200&ssl=1","width":350,"height":200},"classes":[]},{"id":662,"url":"https:\/\/panafreak.com\/?p=662","url_meta":{"origin":715,"position":1},"title":"Typischer Schnappschuss","date":"31. Mai 2017","format":false,"excerpt":"In Paris aus dem Bus gesehen, da konnte ich nicht anders, ich muss sofort davon ein Bild machen. Ich pers\u00f6nlich habe mich total in die Szene verliebt.","rel":"","context":"\u00c4hnlicher Beitrag","img":{"alt_text":"","src":"https:\/\/i0.wp.com\/panafreak.com\/wp-content\/uploads\/2017\/05\/paris.jpg?resize=350%2C200&ssl=1","width":350,"height":200},"classes":[]},{"id":644,"url":"https:\/\/panafreak.com\/?p=644","url_meta":{"origin":715,"position":2},"title":"Heute Abend ist Vollmond","date":"10. Mai 2017","format":false,"excerpt":"Hallo zusammen, heute Nacht um 23:43:56 ist wieder Vollmond. Da der Mond mindestens 360.000 km von der Erde entfernt ist, braucht Ihr schon ein Teleobjektiv (eine Brennweite von ca. 300mm sollte reichen.). F\u00fcr den richtigen Zeitpunkt ist eine m\u00f6glichst gute Sicht zum Mond wichtig. Je klarer die Sicht, desto besser\u2026","rel":"","context":"\u00c4hnlicher Beitrag","img":{"alt_text":"","src":"https:\/\/i0.wp.com\/panafreak.com\/wp-content\/uploads\/2017\/05\/mondgriesheim.jpg?resize=350%2C200&ssl=1","width":350,"height":200},"classes":[]},{"id":735,"url":"https:\/\/panafreak.com\/?p=735","url_meta":{"origin":715,"position":3},"title":"The Wall","date":"5. Februar 2021","format":false,"excerpt":"Ich finde dieses Bild einfach sehr sch\u00f6n und muss es Euch zeigen.","rel":"","context":"\u00c4hnlicher Beitrag","img":{"alt_text":"","src":"https:\/\/i0.wp.com\/panafreak.com\/wp-content\/uploads\/2021\/02\/mauer-scaled.jpg?resize=350%2C200&ssl=1","width":350,"height":200},"classes":[]},{"id":694,"url":"https:\/\/panafreak.com\/?p=694","url_meta":{"origin":715,"position":4},"title":"Funkmessstelle f\u00fcr Weltraumfunkdienste in Leeheim","date":"17. August 2018","format":false,"excerpt":"Hallo zusammen, diesmal gibt es ein sch\u00f6nes Bildchen aus Leeheim von der Funkmessstelle f\u00fcr Weltraumfunkdienste. Nachts mitten auf dem Feld, mit Kamera, Stativ und Taschenlampe ausger\u00fcstet und einfach ein wenig an der Kamera herumspielen. Ich hoffe, es gef\u00e4llt Euch Gru\u00df Andr\u00e9","rel":"","context":"\u00c4hnlicher Beitrag","img":{"alt_text":"","src":"https:\/\/i0.wp.com\/panafreak.com\/wp-content\/uploads\/2018\/08\/weltraum.jpg?resize=350%2C200&ssl=1","width":350,"height":200},"classes":[]},{"id":327,"url":"https:\/\/panafreak.com\/?p=327","url_meta":{"origin":715,"position":5},"title":"Planespotting","date":"16. Mai 2016","format":false,"excerpt":"Faszination Flugzeug und Leidenschaft Flugzeugfotografie. Ich will euch teilhaben lassen an meinen sch\u00f6nsten Flugzeugbildern. Mein Heimatflughafen ist Frankfurt, meine Fotos stammen aus der ganzen Welt. \u00a0 \u00a0","rel":"","context":"\u00c4hnlicher Beitrag","img":{"alt_text":"","src":"https:\/\/i0.wp.com\/panafreak.com\/wp-content\/uploads\/2016\/05\/EI-ESS.jpg?resize=350%2C200&ssl=1","width":350,"height":200},"classes":[]}],"_links":{"self":[{"href":"https:\/\/panafreak.com\/index.php?rest_route=\/wp\/v2\/posts\/715"}],"collection":[{"href":"https:\/\/panafreak.com\/index.php?rest_route=\/wp\/v2\/posts"}],"about":[{"href":"https:\/\/panafreak.com\/index.php?rest_route=\/wp\/v2\/types\/post"}],"author":[{"embeddable":true,"href":"https:\/\/panafreak.com\/index.php?rest_route=\/wp\/v2\/users\/1"}],"replies":[{"embeddable":true,"href":"https:\/\/panafreak.com\/index.php?rest_route=%2Fwp%2Fv2%2Fcomments&post=715"}],"version-history":[{"count":1,"href":"https:\/\/panafreak.com\/index.php?rest_route=\/wp\/v2\/posts\/715\/revisions"}],"predecessor-version":[{"id":717,"href":"https:\/\/panafreak.com\/index.php?rest_route=\/wp\/v2\/posts\/715\/revisions\/717"}],"wp:featuredmedia":[{"embeddable":true,"href":"https:\/\/panafreak.com\/index.php?rest_route=\/wp\/v2\/media\/718"}],"wp:attachment":[{"href":"https:\/\/panafreak.com\/index.php?rest_route=%2Fwp%2Fv2%2Fmedia&parent=715"}],"wp:term":[{"taxonomy":"category","embeddable":true,"href":"https:\/\/panafreak.com\/index.php?rest_route=%2Fwp%2Fv2%2Fcategories&post=715"},{"taxonomy":"post_tag","embeddable":true,"href":"https:\/\/panafreak.com\/index.php?rest_route=%2Fwp%2Fv2%2Ftags&post=715"}],"curies":[{"name":"wp","href":"https:\/\/api.w.org\/{rel}","templated":true}]}}